{"id":375244,"date":"2015-11-27T12:00:00","date_gmt":"2015-11-27T11:00:00","guid":{"rendered":"https:\/\/pasedo.znakomity.net\/przerwa-swiateczna\/"},"modified":"2015-11-27T12:00:00","modified_gmt":"2015-11-27T11:00:00","slug":"przerwa-swiateczna","status":"publish","type":"post","link":"https:\/\/pasedo.pl\/de\/przerwa-swiateczna\/","title":{"rendered":"Przerwa \u015bwi\u0105teczna"},"content":{"rendered":"<p>\tInformujemy, i\u017c w zwi\u0105zku ze \u015bwi\u0119tami Bo\u017cego Narodzenia oraz Nowym Rokiem, PASEDO pracuje do 23. grudnia 2015 w\u0142\u0105cznie, a w 2016 roku zaczynamy od 7. stycznia. Prosimy o uwzgl\u0119dnienie tej przeryw w planowaniu zam&oacute;wie\u0144 i odbior&oacute;w towaru.<\/p>\n","protected":false},"excerpt":{"rendered":"<p>Informujemy, i\u017c w zwi\u0105zku ze \u015bwi\u0119tami Bo\u017cego Narodzenia oraz Nowym Rokiem, PASEDO pracuje do 23. grudnia 2015 w\u0142\u0105cznie, a w 2016 roku zaczynamy od 7. stycznia. Prosimy o uwzgl\u0119dnienie tej przeryw w planowaniu zam&oacute;wie\u0144 i odbior&oacute;w towaru.<\/p>\n","protected":false},"author":1,"featured_media":364817,"comment_status":"open","ping_status":"open","sticky":false,"template":"","format":"standard","meta":{"footnotes":""},"categories":[27],"tags":[],"class_list":["post-375244","post","type-post","status-publish","format-standard","has-post-thumbnail","hentry","category-unkategorisiert"],"acf":[],"yoast_head":"<!-- This site is optimized with the Yoast SEO plugin v19.10 - https:\/\/yoast.com\/wordpress\/plugins\/seo\/ -->\n<title>Przerwa \u015bwi\u0105teczna - Pasedo<\/title>\n<meta name=\"robots\" content=\"index, follow, max-snippet:-1, max-image-preview:large, max-video-preview:-1\" \/>\n<link rel=\"canonical\" href=\"https:\/\/pasedo.pl\/de\/przerwa-swiateczna\/\" \/>\n<meta property=\"og:locale\" content=\"de_DE\" \/>\n<meta property=\"og:type\" content=\"article\" \/>\n<meta property=\"og:title\" content=\"Przerwa \u015bwi\u0105teczna - Pasedo\" \/>\n<meta property=\"og:description\" content=\"Informujemy, i\u017c w zwi\u0105zku ze \u015bwi\u0119tami Bo\u017cego Narodzenia oraz Nowym Rokiem, PASEDO pracuje do 23. grudnia 2015 w\u0142\u0105cznie, a w 2016 roku zaczynamy od 7. stycznia. Prosimy o uwzgl\u0119dnienie tej przeryw w planowaniu zam&oacute;wie\u0144 i odbior&oacute;w towaru.\" \/>\n<meta property=\"og:url\" content=\"https:\/\/pasedo.pl\/de\/przerwa-swiateczna\/\" \/>\n<meta property=\"og:site_name\" content=\"Pasedo\" \/>\n<meta property=\"article:publisher\" content=\"https:\/\/www.facebook.com\/pasedozawiercie\/?locale=pl_PL\" \/>\n<meta property=\"article:published_time\" content=\"2015-11-27T11:00:00+00:00\" \/>\n<meta property=\"og:image\" content=\"https:\/\/pasedo.pl\/wp-content\/uploads\/2021\/10\/httpswww.pasedo.plimagesnews41-2.jpg\" \/>\n\t<meta property=\"og:image:width\" content=\"345\" \/>\n\t<meta property=\"og:image:height\" content=\"146\" \/>\n\t<meta property=\"og:image:type\" content=\"image\/jpeg\" \/>\n<meta name=\"author\" content=\"pasedo_admin\" \/>\n<meta name=\"twitter:card\" content=\"summary_large_image\" \/>\n<meta name=\"twitter:label1\" content=\"Verfasst von\" \/>\n\t<meta name=\"twitter:data1\" content=\"pasedo_admin\" \/>\n<script type=\"application\/ld+json\" class=\"yoast-schema-graph\">{\"@context\":\"https:\/\/schema.org\",\"@graph\":[{\"@type\":\"Article\",\"@id\":\"https:\/\/pasedo.pl\/de\/przerwa-swiateczna\/#article\",\"isPartOf\":{\"@id\":\"https:\/\/pasedo.pl\/de\/przerwa-swiateczna\/\"},\"author\":{\"name\":\"pasedo_admin\",\"@id\":\"https:\/\/pasedo.pl\/de\/#\/schema\/person\/3b6cdbb6dbcb338566d1d62e1da8af0f\"},\"headline\":\"Przerwa \u015bwi\u0105teczna\",\"datePublished\":\"2015-11-27T11:00:00+00:00\",\"dateModified\":\"2015-11-27T11:00:00+00:00\",\"mainEntityOfPage\":{\"@id\":\"https:\/\/pasedo.pl\/de\/przerwa-swiateczna\/\"},\"wordCount\":45,\"commentCount\":0,\"publisher\":{\"@id\":\"https:\/\/pasedo.pl\/de\/#organization\"},\"articleSection\":[\"Unkategorisiert\"],\"inLanguage\":\"de\",\"potentialAction\":[{\"@type\":\"CommentAction\",\"name\":\"Comment\",\"target\":[\"https:\/\/pasedo.pl\/de\/przerwa-swiateczna\/#respond\"]}]},{\"@type\":\"WebPage\",\"@id\":\"https:\/\/pasedo.pl\/de\/przerwa-swiateczna\/\",\"url\":\"https:\/\/pasedo.pl\/de\/przerwa-swiateczna\/\",\"name\":\"Przerwa \u015bwi\u0105teczna - Pasedo\",\"isPartOf\":{\"@id\":\"https:\/\/pasedo.pl\/de\/#website\"},\"datePublished\":\"2015-11-27T11:00:00+00:00\",\"dateModified\":\"2015-11-27T11:00:00+00:00\",\"breadcrumb\":{\"@id\":\"https:\/\/pasedo.pl\/de\/przerwa-swiateczna\/#breadcrumb\"},\"inLanguage\":\"de\",\"potentialAction\":[{\"@type\":\"ReadAction\",\"target\":[\"https:\/\/pasedo.pl\/de\/przerwa-swiateczna\/\"]}]},{\"@type\":\"BreadcrumbList\",\"@id\":\"https:\/\/pasedo.pl\/de\/przerwa-swiateczna\/#breadcrumb\",\"itemListElement\":[{\"@type\":\"ListItem\",\"position\":1,\"name\":\"Home\",\"item\":\"https:\/\/pasedo.pl\/de\/\"},{\"@type\":\"ListItem\",\"position\":2,\"name\":\"Przerwa \u015bwi\u0105teczna\"}]},{\"@type\":\"WebSite\",\"@id\":\"https:\/\/pasedo.pl\/de\/#website\",\"url\":\"https:\/\/pasedo.pl\/de\/\",\"name\":\"Pasedo\",\"description\":\"\",\"publisher\":{\"@id\":\"https:\/\/pasedo.pl\/de\/#organization\"},\"potentialAction\":[{\"@type\":\"SearchAction\",\"target\":{\"@type\":\"EntryPoint\",\"urlTemplate\":\"https:\/\/pasedo.pl\/de\/?s={search_term_string}\"},\"query-input\":\"required name=search_term_string\"}],\"inLanguage\":\"de\"},{\"@type\":\"Organization\",\"@id\":\"https:\/\/pasedo.pl\/de\/#organization\",\"name\":\"Pasedo\",\"url\":\"https:\/\/pasedo.pl\/de\/\",\"logo\":{\"@type\":\"ImageObject\",\"inLanguage\":\"de\",\"@id\":\"https:\/\/pasedo.pl\/de\/#\/schema\/logo\/image\/\",\"url\":\"https:\/\/pasedo.pl\/wp-content\/uploads\/2021\/12\/logo-2.png\",\"contentUrl\":\"https:\/\/pasedo.pl\/wp-content\/uploads\/2021\/12\/logo-2.png\",\"width\":324,\"height\":74,\"caption\":\"Pasedo\"},\"image\":{\"@id\":\"https:\/\/pasedo.pl\/de\/#\/schema\/logo\/image\/\"},\"sameAs\":[\"https:\/\/pl.linkedin.com\/company\/pasedo\",\"https:\/\/www.facebook.com\/pasedozawiercie\/?locale=pl_PL\"]},{\"@type\":\"Person\",\"@id\":\"https:\/\/pasedo.pl\/de\/#\/schema\/person\/3b6cdbb6dbcb338566d1d62e1da8af0f\",\"name\":\"pasedo_admin\",\"image\":{\"@type\":\"ImageObject\",\"inLanguage\":\"de\",\"@id\":\"https:\/\/pasedo.pl\/de\/#\/schema\/person\/image\/\",\"url\":\"https:\/\/secure.gravatar.com\/avatar\/887179900ff85cad81dd570b1b197e3041b9d0fd1c07cdca0d3dff130658fc81?s=96&d=mm&r=g\",\"contentUrl\":\"https:\/\/secure.gravatar.com\/avatar\/887179900ff85cad81dd570b1b197e3041b9d0fd1c07cdca0d3dff130658fc81?s=96&d=mm&r=g\",\"caption\":\"pasedo_admin\"},\"sameAs\":[\"https:\/\/pasedo.pl\"],\"url\":\"https:\/\/pasedo.pl\/de\/author\/pasedo_admin\/\"}]}<\/script>\n<!-- \/ Yoast SEO plugin. -->","yoast_head_json":{"title":"Przerwa \u015bwi\u0105teczna - Pasedo","robots":{"index":"index","follow":"follow","max-snippet":"max-snippet:-1","max-image-preview":"max-image-preview:large","max-video-preview":"max-video-preview:-1"},"canonical":"https:\/\/pasedo.pl\/de\/przerwa-swiateczna\/","og_locale":"de_DE","og_type":"article","og_title":"Przerwa \u015bwi\u0105teczna - Pasedo","og_description":"Informujemy, i\u017c w zwi\u0105zku ze \u015bwi\u0119tami Bo\u017cego Narodzenia oraz Nowym Rokiem, PASEDO pracuje do 23. grudnia 2015 w\u0142\u0105cznie, a w 2016 roku zaczynamy od 7. stycznia. Prosimy o uwzgl\u0119dnienie tej przeryw w planowaniu zam&oacute;wie\u0144 i odbior&oacute;w towaru.","og_url":"https:\/\/pasedo.pl\/de\/przerwa-swiateczna\/","og_site_name":"Pasedo","article_publisher":"https:\/\/www.facebook.com\/pasedozawiercie\/?locale=pl_PL","article_published_time":"2015-11-27T11:00:00+00:00","og_image":[{"width":345,"height":146,"url":"https:\/\/pasedo.pl\/wp-content\/uploads\/2021\/10\/httpswww.pasedo.plimagesnews41-2.jpg","type":"image\/jpeg"}],"author":"pasedo_admin","twitter_card":"summary_large_image","twitter_misc":{"Verfasst von":"pasedo_admin"},"schema":{"@context":"https:\/\/schema.org","@graph":[{"@type":"Article","@id":"https:\/\/pasedo.pl\/de\/przerwa-swiateczna\/#article","isPartOf":{"@id":"https:\/\/pasedo.pl\/de\/przerwa-swiateczna\/"},"author":{"name":"pasedo_admin","@id":"https:\/\/pasedo.pl\/de\/#\/schema\/person\/3b6cdbb6dbcb338566d1d62e1da8af0f"},"headline":"Przerwa \u015bwi\u0105teczna","datePublished":"2015-11-27T11:00:00+00:00","dateModified":"2015-11-27T11:00:00+00:00","mainEntityOfPage":{"@id":"https:\/\/pasedo.pl\/de\/przerwa-swiateczna\/"},"wordCount":45,"commentCount":0,"publisher":{"@id":"https:\/\/pasedo.pl\/de\/#organization"},"articleSection":["Unkategorisiert"],"inLanguage":"de","potentialAction":[{"@type":"CommentAction","name":"Comment","target":["https:\/\/pasedo.pl\/de\/przerwa-swiateczna\/#respond"]}]},{"@type":"WebPage","@id":"https:\/\/pasedo.pl\/de\/przerwa-swiateczna\/","url":"https:\/\/pasedo.pl\/de\/przerwa-swiateczna\/","name":"Przerwa \u015bwi\u0105teczna - Pasedo","isPartOf":{"@id":"https:\/\/pasedo.pl\/de\/#website"},"datePublished":"2015-11-27T11:00:00+00:00","dateModified":"2015-11-27T11:00:00+00:00","breadcrumb":{"@id":"https:\/\/pasedo.pl\/de\/przerwa-swiateczna\/#breadcrumb"},"inLanguage":"de","potentialAction":[{"@type":"ReadAction","target":["https:\/\/pasedo.pl\/de\/przerwa-swiateczna\/"]}]},{"@type":"BreadcrumbList","@id":"https:\/\/pasedo.pl\/de\/przerwa-swiateczna\/#breadcrumb","itemListElement":[{"@type":"ListItem","position":1,"name":"Home","item":"https:\/\/pasedo.pl\/de\/"},{"@type":"ListItem","position":2,"name":"Przerwa \u015bwi\u0105teczna"}]},{"@type":"WebSite","@id":"https:\/\/pasedo.pl\/de\/#website","url":"https:\/\/pasedo.pl\/de\/","name":"Pasedo","description":"","publisher":{"@id":"https:\/\/pasedo.pl\/de\/#organization"},"potentialAction":[{"@type":"SearchAction","target":{"@type":"EntryPoint","urlTemplate":"https:\/\/pasedo.pl\/de\/?s={search_term_string}"},"query-input":"required name=search_term_string"}],"inLanguage":"de"},{"@type":"Organization","@id":"https:\/\/pasedo.pl\/de\/#organization","name":"Pasedo","url":"https:\/\/pasedo.pl\/de\/","logo":{"@type":"ImageObject","inLanguage":"de","@id":"https:\/\/pasedo.pl\/de\/#\/schema\/logo\/image\/","url":"https:\/\/pasedo.pl\/wp-content\/uploads\/2021\/12\/logo-2.png","contentUrl":"https:\/\/pasedo.pl\/wp-content\/uploads\/2021\/12\/logo-2.png","width":324,"height":74,"caption":"Pasedo"},"image":{"@id":"https:\/\/pasedo.pl\/de\/#\/schema\/logo\/image\/"},"sameAs":["https:\/\/pl.linkedin.com\/company\/pasedo","https:\/\/www.facebook.com\/pasedozawiercie\/?locale=pl_PL"]},{"@type":"Person","@id":"https:\/\/pasedo.pl\/de\/#\/schema\/person\/3b6cdbb6dbcb338566d1d62e1da8af0f","name":"pasedo_admin","image":{"@type":"ImageObject","inLanguage":"de","@id":"https:\/\/pasedo.pl\/de\/#\/schema\/person\/image\/","url":"https:\/\/secure.gravatar.com\/avatar\/887179900ff85cad81dd570b1b197e3041b9d0fd1c07cdca0d3dff130658fc81?s=96&d=mm&r=g","contentUrl":"https:\/\/secure.gravatar.com\/avatar\/887179900ff85cad81dd570b1b197e3041b9d0fd1c07cdca0d3dff130658fc81?s=96&d=mm&r=g","caption":"pasedo_admin"},"sameAs":["https:\/\/pasedo.pl"],"url":"https:\/\/pasedo.pl\/de\/author\/pasedo_admin\/"}]}},"_links":{"self":[{"href":"https:\/\/pasedo.pl\/de\/wp-json\/wp\/v2\/posts\/375244","targetHints":{"allow":["GET"]}}],"collection":[{"href":"https:\/\/pasedo.pl\/de\/wp-json\/wp\/v2\/posts"}],"about":[{"href":"https:\/\/pasedo.pl\/de\/wp-json\/wp\/v2\/types\/post"}],"author":[{"embeddable":true,"href":"https:\/\/pasedo.pl\/de\/wp-json\/wp\/v2\/users\/1"}],"replies":[{"embeddable":true,"href":"https:\/\/pasedo.pl\/de\/wp-json\/wp\/v2\/comments?post=375244"}],"version-history":[{"count":0,"href":"https:\/\/pasedo.pl\/de\/wp-json\/wp\/v2\/posts\/375244\/revisions"}],"wp:featuredmedia":[{"embeddable":true,"href":"https:\/\/pasedo.pl\/de\/wp-json\/wp\/v2\/media\/364817"}],"wp:attachment":[{"href":"https:\/\/pasedo.pl\/de\/wp-json\/wp\/v2\/media?parent=375244"}],"wp:term":[{"taxonomy":"category","embeddable":true,"href":"https:\/\/pasedo.pl\/de\/wp-json\/wp\/v2\/categories?post=375244"},{"taxonomy":"post_tag","embeddable":true,"href":"https:\/\/pasedo.pl\/de\/wp-json\/wp\/v2\/tags?post=375244"}],"curies":[{"name":"wp","href":"https:\/\/api.w.org\/{rel}","templated":true}]}}